{"id":1115,"date":"2023-09-05T14:07:38","date_gmt":"2023-09-05T12:07:38","guid":{"rendered":"http:\/\/m.bckarate.fr\/?p=1115"},"modified":"2023-09-05T14:26:33","modified_gmt":"2023-09-05T12:26:33","slug":"le-karate-feminin","status":"publish","type":"post","link":"https:\/\/bckarate.fr\/index.php\/2023\/09\/05\/le-karate-feminin\/","title":{"rendered":"Le Karat\u00e9 f\u00e9minin"},"content":{"rendered":"\n<p>Mesdames, avez-vous d\u00e9j\u00e0 envisag\u00e9 de rejoindre notre club de karat\u00e9 ? Le karat\u00e9 est bien plus qu&rsquo;un art martial, c&rsquo;est un moyen formidable de cultiver la confiance en soi, la force int\u00e9rieure et la sant\u00e9 physique, le tout dans un environnement amical et bienveillant.<\/p>\n\n\n\n<p><strong>D\u00e9couvrez la puissance int\u00e9rieure en vous gr\u00e2ce au Karat\u00e9 !<\/strong><\/p>\n\n\n\n<p><strong>Les avantages du karat\u00e9 pour les femmes :<\/strong><\/p>\n\n\n\n<ol class=\"wp-block-list\">\n<li><strong>Confiance en soi renforc\u00e9e<\/strong> : Le karat\u00e9 vous permettra de d\u00e9velopper une confiance en vous in\u00e9branlable, vous donnant la certitude que vous pouvez faire face \u00e0 toutes les situations.<\/li>\n\n\n\n<li><strong>Condition physique optimis\u00e9e<\/strong> : Les mouvements et les techniques du karat\u00e9 am\u00e9liorent la flexibilit\u00e9, la force et l&rsquo;endurance, vous aidant \u00e0 maintenir une excellente forme physique.<\/li>\n\n\n\n<li><strong>Self-d\u00e9fense efficace<\/strong> : Vous apprendrez des comp\u00e9tences essentielles pour vous prot\u00e9ger et prot\u00e9ger vos proches, vous offrant une tranquillit\u00e9 d&rsquo;esprit pr\u00e9cieuse.<\/li>\n\n\n\n<li><strong>Stress et gestion des \u00e9motions<\/strong> : Le karat\u00e9 vous aide \u00e0 g\u00e9rer le stress quotidien en vous permettant de vous \u00e9vader de la routine et de vous concentrer sur l&rsquo;instant pr\u00e9sent.<\/li>\n\n\n\n<li><strong>Communaut\u00e9 solidaire<\/strong> : Rejoindre notre club de karat\u00e9 signifie devenir membre d&rsquo;une communaut\u00e9 o\u00f9 le soutien, le respect mutuel et l&rsquo;amiti\u00e9 sont au c\u0153ur de tout ce que nous faisons.<\/li>\n<\/ol>\n\n\n\n<p>Peu importe votre \u00e2ge, votre niveau de forme physique ou votre exp\u00e9rience pr\u00e9alable en arts martiaux, le karat\u00e9 est une aventure passionnante qui vous aidera \u00e0 r\u00e9aliser votre potentiel. Rejoignez-nous aujourd&rsquo;hui et commencez votre voyage vers une vie plus saine, plus confiante et plus forte !<\/p>\n\n\n\n<p><strong>Inscrivez-vous d\u00e8s maintenant pour votre premi\u00e8re s\u00e9ance d&rsquo;essai gratuite.<\/strong> N&rsquo;h\u00e9sitez pas \u00e0 nous contacter pour plus d&rsquo;informations sur nos horaires de cours, nos tarifs et nos instructeurs d\u00e9vou\u00e9s.<\/p>\n\n\n\n<p>Ne laissez pas cette occasion passer, prenez le contr\u00f4le de votre vie et de votre bien-\u00eatre en explorant le monde du karat\u00e9 avec nous !<\/p>\n","protected":false},"excerpt":{"rendered":"<p>Mesdames, avez-vous d\u00e9j\u00e0 envisag\u00e9 de rejoindre notre club de karat\u00e9 ? Le karat\u00e9 est bien plus qu&rsquo;un art martial, c&rsquo;est un moyen formidable de cultiver la confiance en soi, la force int\u00e9rieure et la sant\u00e9 physique, le tout dans un environnement amical et bienveillant. D\u00e9couvrez la puissance int\u00e9rieure en vous gr\u00e2ce au Karat\u00e9 ! Les [&hellip;]<\/p>\n","protected":false},"author":1,"featured_media":979,"comment_status":"open","ping_status":"open","sticky":false,"template":"","format":"standard","meta":{"_et_pb_use_builder":"off","_et_pb_old_content":"<!-- wp:paragraph -->\n<p>Mesdames, avez-vous d\u00e9j\u00e0 envisag\u00e9 de rejoindre notre club de karat\u00e9 ? Le karat\u00e9 est bien plus qu'un art martial, c'est un moyen formidable de cultiver la confiance en soi, la force int\u00e9rieure et la sant\u00e9 physique, le tout dans un environnement amical et bienveillant.<\/p>\n<!-- \/wp:paragraph -->\n\n<!-- wp:paragraph -->\n<p><strong>D\u00e9couvrez la puissance int\u00e9rieure en vous gr\u00e2ce au Karat\u00e9 !<\/strong><\/p>\n<!-- \/wp:paragraph -->\n\n<!-- wp:paragraph -->\n<p><strong>Les avantages du karat\u00e9 pour les femmes :<\/strong><\/p>\n<!-- \/wp:paragraph -->\n\n<!-- wp:list {\"ordered\":true} -->\n<ol><!-- wp:list-item -->\n<li><strong>Confiance en soi renforc\u00e9e<\/strong> : Le karat\u00e9 vous permettra de d\u00e9velopper une confiance en vous in\u00e9branlable, vous donnant la certitude que vous pouvez faire face \u00e0 toutes les situations.<\/li>\n<!-- \/wp:list-item -->\n\n<!-- wp:list-item -->\n<li><strong>Condition physique optimis\u00e9e<\/strong> : Les mouvements et les techniques du karat\u00e9 am\u00e9liorent la flexibilit\u00e9, la force et l'endurance, vous aidant \u00e0 maintenir une excellente forme physique.<\/li>\n<!-- \/wp:list-item -->\n\n<!-- wp:list-item -->\n<li><strong>Self-d\u00e9fense efficace<\/strong> : Vous apprendrez des comp\u00e9tences essentielles pour vous prot\u00e9ger et prot\u00e9ger vos proches, vous offrant une tranquillit\u00e9 d'esprit pr\u00e9cieuse.<\/li>\n<!-- \/wp:list-item -->\n\n<!-- wp:list-item -->\n<li><strong>Stress et gestion des \u00e9motions<\/strong> : Le karat\u00e9 vous aide \u00e0 g\u00e9rer le stress quotidien en vous permettant de vous \u00e9vader de la routine et de vous concentrer sur l'instant pr\u00e9sent.<\/li>\n<!-- \/wp:list-item -->\n\n<!-- wp:list-item -->\n<li><strong>Communaut\u00e9 solidaire<\/strong> : Rejoindre notre club de karat\u00e9 signifie devenir membre d'une communaut\u00e9 o\u00f9 le soutien, le respect mutuel et l'amiti\u00e9 sont au c\u0153ur de tout ce que nous faisons.<\/li>\n<!-- \/wp:list-item --><\/ol>\n<!-- \/wp:list -->\n\n<!-- wp:paragraph -->\n<p>Peu importe votre \u00e2ge, votre niveau de forme physique ou votre exp\u00e9rience pr\u00e9alable en arts martiaux, le karat\u00e9 est une aventure passionnante qui vous aidera \u00e0 r\u00e9aliser votre potentiel. Rejoignez-nous aujourd'hui et commencez votre voyage vers une vie plus saine, plus confiante et plus forte !<\/p>\n<!-- \/wp:paragraph -->\n\n<!-- wp:paragraph -->\n<p><strong>Inscrivez-vous d\u00e8s maintenant pour votre premi\u00e8re s\u00e9ance d'essai gratuite.<\/strong> N'h\u00e9sitez pas \u00e0 nous contacter pour plus d'informations sur nos horaires de cours, nos tarifs et nos instructeurs d\u00e9vou\u00e9s.<\/p>\n<!-- \/wp:paragraph -->\n\n<!-- wp:paragraph -->\n<p>Ne laissez pas cette occasion passer, prenez le contr\u00f4le de votre vie et de votre bien-\u00eatre en explorant le monde du karat\u00e9 avec nous !<\/p>\n<!-- \/wp:paragraph -->","_et_gb_content_width":"","footnotes":""},"categories":[18],"tags":[17,15,16],"class_list":["post-1115","post","type-post","status-publish","format-standard","has-post-thumbnail","hentry","category-publics","tag-femmes","tag-karate","tag-karate-feminin"],"yoast_head":"<!-- This site is optimized with the Yoast SEO plugin v27.5 - https:\/\/yoast.com\/product\/yoast-seo-wordpress\/ -->\n<title>Le Karat\u00e9 f\u00e9minin - BCKarat\u00e9<\/title>\n<meta name=\"robots\" content=\"index, follow, max-snippet:-1, max-image-preview:large, max-video-preview:-1\" \/>\n<link rel=\"canonical\" href=\"https:\/\/bckarate.fr\/index.php\/2023\/09\/05\/le-karate-feminin\/\" \/>\n<meta property=\"og:locale\" content=\"fr_FR\" \/>\n<meta property=\"og:type\" content=\"article\" \/>\n<meta property=\"og:title\" content=\"Le Karat\u00e9 f\u00e9minin - BCKarat\u00e9\" \/>\n<meta property=\"og:description\" content=\"Mesdames, avez-vous d\u00e9j\u00e0 envisag\u00e9 de rejoindre notre club de karat\u00e9 ? Le karat\u00e9 est bien plus qu&rsquo;un art martial, c&rsquo;est un moyen formidable de cultiver la confiance en soi, la force int\u00e9rieure et la sant\u00e9 physique, le tout dans un environnement amical et bienveillant. D\u00e9couvrez la puissance int\u00e9rieure en vous gr\u00e2ce au Karat\u00e9 ! Les [&hellip;]\" \/>\n<meta property=\"og:url\" content=\"https:\/\/bckarate.fr\/index.php\/2023\/09\/05\/le-karate-feminin\/\" \/>\n<meta property=\"og:site_name\" content=\"BCKarat\u00e9\" \/>\n<meta property=\"article:publisher\" content=\"https:\/\/www.facebook.com\/BudoCiotadenKarate\" \/>\n<meta property=\"article:published_time\" content=\"2023-09-05T12:07:38+00:00\" \/>\n<meta property=\"article:modified_time\" content=\"2023-09-05T12:26:33+00:00\" \/>\n<meta property=\"og:image\" content=\"https:\/\/bckarate.fr\/wp-content\/uploads\/2023\/09\/png-transparent-karate-gi-karate-kata-world-karate-federation-karate-arm-sports-combat-sport.png\" \/>\n\t<meta property=\"og:image:width\" content=\"920\" \/>\n\t<meta property=\"og:image:height\" content=\"800\" \/>\n\t<meta property=\"og:image:type\" content=\"image\/png\" \/>\n<meta name=\"author\" content=\"phil\" \/>\n<meta name=\"twitter:card\" content=\"summary_large_image\" \/>\n<meta name=\"twitter:label1\" content=\"\u00c9crit par\" \/>\n\t<meta name=\"twitter:data1\" content=\"phil\" \/>\n\t<meta name=\"twitter:label2\" content=\"Dur\u00e9e de lecture estim\u00e9e\" \/>\n\t<meta name=\"twitter:data2\" content=\"2 minutes\" \/>\n<script type=\"application\/ld+json\" class=\"yoast-schema-graph\">{\"@context\":\"https:\\\/\\\/schema.org\",\"@graph\":[{\"@type\":\"Article\",\"@id\":\"https:\\\/\\\/bckarate.fr\\\/index.php\\\/2023\\\/09\\\/05\\\/le-karate-feminin\\\/#article\",\"isPartOf\":{\"@id\":\"https:\\\/\\\/bckarate.fr\\\/index.php\\\/2023\\\/09\\\/05\\\/le-karate-feminin\\\/\"},\"author\":{\"name\":\"phil\",\"@id\":\"https:\\\/\\\/bckarate.fr\\\/#\\\/schema\\\/person\\\/18930f0d882755866eaaf61ac8e726e7\"},\"headline\":\"Le Karat\u00e9 f\u00e9minin\",\"datePublished\":\"2023-09-05T12:07:38+00:00\",\"dateModified\":\"2023-09-05T12:26:33+00:00\",\"mainEntityOfPage\":{\"@id\":\"https:\\\/\\\/bckarate.fr\\\/index.php\\\/2023\\\/09\\\/05\\\/le-karate-feminin\\\/\"},\"wordCount\":327,\"commentCount\":0,\"publisher\":{\"@id\":\"https:\\\/\\\/bckarate.fr\\\/#organization\"},\"image\":{\"@id\":\"https:\\\/\\\/bckarate.fr\\\/index.php\\\/2023\\\/09\\\/05\\\/le-karate-feminin\\\/#primaryimage\"},\"thumbnailUrl\":\"https:\\\/\\\/bckarate.fr\\\/wp-content\\\/uploads\\\/2023\\\/09\\\/png-transparent-karate-gi-karate-kata-world-karate-federation-karate-arm-sports-combat-sport.png\",\"keywords\":[\"femmes\",\"karat\u00e9\",\"Karat\u00e9 f\u00e9minin\"],\"articleSection\":[\"Publics\"],\"inLanguage\":\"fr-FR\",\"potentialAction\":[{\"@type\":\"CommentAction\",\"name\":\"Comment\",\"target\":[\"https:\\\/\\\/bckarate.fr\\\/index.php\\\/2023\\\/09\\\/05\\\/le-karate-feminin\\\/#respond\"]}]},{\"@type\":\"WebPage\",\"@id\":\"https:\\\/\\\/bckarate.fr\\\/index.php\\\/2023\\\/09\\\/05\\\/le-karate-feminin\\\/\",\"url\":\"https:\\\/\\\/bckarate.fr\\\/index.php\\\/2023\\\/09\\\/05\\\/le-karate-feminin\\\/\",\"name\":\"Le Karat\u00e9 f\u00e9minin - BCKarat\u00e9\",\"isPartOf\":{\"@id\":\"https:\\\/\\\/bckarate.fr\\\/#website\"},\"primaryImageOfPage\":{\"@id\":\"https:\\\/\\\/bckarate.fr\\\/index.php\\\/2023\\\/09\\\/05\\\/le-karate-feminin\\\/#primaryimage\"},\"image\":{\"@id\":\"https:\\\/\\\/bckarate.fr\\\/index.php\\\/2023\\\/09\\\/05\\\/le-karate-feminin\\\/#primaryimage\"},\"thumbnailUrl\":\"https:\\\/\\\/bckarate.fr\\\/wp-content\\\/uploads\\\/2023\\\/09\\\/png-transparent-karate-gi-karate-kata-world-karate-federation-karate-arm-sports-combat-sport.png\",\"datePublished\":\"2023-09-05T12:07:38+00:00\",\"dateModified\":\"2023-09-05T12:26:33+00:00\",\"breadcrumb\":{\"@id\":\"https:\\\/\\\/bckarate.fr\\\/index.php\\\/2023\\\/09\\\/05\\\/le-karate-feminin\\\/#breadcrumb\"},\"inLanguage\":\"fr-FR\",\"potentialAction\":[{\"@type\":\"ReadAction\",\"target\":[\"https:\\\/\\\/bckarate.fr\\\/index.php\\\/2023\\\/09\\\/05\\\/le-karate-feminin\\\/\"]}]},{\"@type\":\"ImageObject\",\"inLanguage\":\"fr-FR\",\"@id\":\"https:\\\/\\\/bckarate.fr\\\/index.php\\\/2023\\\/09\\\/05\\\/le-karate-feminin\\\/#primaryimage\",\"url\":\"https:\\\/\\\/bckarate.fr\\\/wp-content\\\/uploads\\\/2023\\\/09\\\/png-transparent-karate-gi-karate-kata-world-karate-federation-karate-arm-sports-combat-sport.png\",\"contentUrl\":\"https:\\\/\\\/bckarate.fr\\\/wp-content\\\/uploads\\\/2023\\\/09\\\/png-transparent-karate-gi-karate-kata-world-karate-federation-karate-arm-sports-combat-sport.png\",\"width\":920,\"height\":800},{\"@type\":\"BreadcrumbList\",\"@id\":\"https:\\\/\\\/bckarate.fr\\\/index.php\\\/2023\\\/09\\\/05\\\/le-karate-feminin\\\/#breadcrumb\",\"itemListElement\":[{\"@type\":\"ListItem\",\"position\":1,\"name\":\"Accueil\",\"item\":\"https:\\\/\\\/bckarate.fr\\\/\"},{\"@type\":\"ListItem\",\"position\":2,\"name\":\"Le Karat\u00e9 f\u00e9minin\"}]},{\"@type\":\"WebSite\",\"@id\":\"https:\\\/\\\/bckarate.fr\\\/#website\",\"url\":\"https:\\\/\\\/bckarate.fr\\\/\",\"name\":\"BCKarat\u00e9\",\"description\":\"Club de karat\u00e9 de La Ciotat\",\"publisher\":{\"@id\":\"https:\\\/\\\/bckarate.fr\\\/#organization\"},\"potentialAction\":[{\"@type\":\"SearchAction\",\"target\":{\"@type\":\"EntryPoint\",\"urlTemplate\":\"https:\\\/\\\/bckarate.fr\\\/?s={search_term_string}\"},\"query-input\":{\"@type\":\"PropertyValueSpecification\",\"valueRequired\":true,\"valueName\":\"search_term_string\"}}],\"inLanguage\":\"fr-FR\"},{\"@type\":\"Organization\",\"@id\":\"https:\\\/\\\/bckarate.fr\\\/#organization\",\"name\":\"BCKarat\u00e9\",\"url\":\"https:\\\/\\\/bckarate.fr\\\/\",\"logo\":{\"@type\":\"ImageObject\",\"inLanguage\":\"fr-FR\",\"@id\":\"https:\\\/\\\/bckarate.fr\\\/#\\\/schema\\\/logo\\\/image\\\/\",\"url\":\"http:\\\/\\\/m.bckarate.fr\\\/wp-content\\\/uploads\\\/2023\\\/02\\\/logo_rond_250_250px.png\",\"contentUrl\":\"http:\\\/\\\/m.bckarate.fr\\\/wp-content\\\/uploads\\\/2023\\\/02\\\/logo_rond_250_250px.png\",\"width\":250,\"height\":250,\"caption\":\"BCKarat\u00e9\"},\"image\":{\"@id\":\"https:\\\/\\\/bckarate.fr\\\/#\\\/schema\\\/logo\\\/image\\\/\"},\"sameAs\":[\"https:\\\/\\\/www.facebook.com\\\/BudoCiotadenKarate\"]},{\"@type\":\"Person\",\"@id\":\"https:\\\/\\\/bckarate.fr\\\/#\\\/schema\\\/person\\\/18930f0d882755866eaaf61ac8e726e7\",\"name\":\"phil\",\"image\":{\"@type\":\"ImageObject\",\"inLanguage\":\"fr-FR\",\"@id\":\"https:\\\/\\\/secure.gravatar.com\\\/avatar\\\/67f2737fbe524636d7c3f3b102443ad36d27f97ced1cb72777d2cb39a3653804?s=96&d=mm&r=g\",\"url\":\"https:\\\/\\\/secure.gravatar.com\\\/avatar\\\/67f2737fbe524636d7c3f3b102443ad36d27f97ced1cb72777d2cb39a3653804?s=96&d=mm&r=g\",\"contentUrl\":\"https:\\\/\\\/secure.gravatar.com\\\/avatar\\\/67f2737fbe524636d7c3f3b102443ad36d27f97ced1cb72777d2cb39a3653804?s=96&d=mm&r=g\",\"caption\":\"phil\"},\"sameAs\":[\"http:\\\/\\\/m.bckarate.fr\"],\"url\":\"https:\\\/\\\/bckarate.fr\\\/index.php\\\/author\\\/phil\\\/\"}]}<\/script>\n<!-- \/ Yoast SEO plugin. -->","yoast_head_json":{"title":"Le Karat\u00e9 f\u00e9minin - BCKarat\u00e9","robots":{"index":"index","follow":"follow","max-snippet":"max-snippet:-1","max-image-preview":"max-image-preview:large","max-video-preview":"max-video-preview:-1"},"canonical":"https:\/\/bckarate.fr\/index.php\/2023\/09\/05\/le-karate-feminin\/","og_locale":"fr_FR","og_type":"article","og_title":"Le Karat\u00e9 f\u00e9minin - BCKarat\u00e9","og_description":"Mesdames, avez-vous d\u00e9j\u00e0 envisag\u00e9 de rejoindre notre club de karat\u00e9 ? Le karat\u00e9 est bien plus qu&rsquo;un art martial, c&rsquo;est un moyen formidable de cultiver la confiance en soi, la force int\u00e9rieure et la sant\u00e9 physique, le tout dans un environnement amical et bienveillant. D\u00e9couvrez la puissance int\u00e9rieure en vous gr\u00e2ce au Karat\u00e9 ! Les [&hellip;]","og_url":"https:\/\/bckarate.fr\/index.php\/2023\/09\/05\/le-karate-feminin\/","og_site_name":"BCKarat\u00e9","article_publisher":"https:\/\/www.facebook.com\/BudoCiotadenKarate","article_published_time":"2023-09-05T12:07:38+00:00","article_modified_time":"2023-09-05T12:26:33+00:00","og_image":[{"width":920,"height":800,"url":"https:\/\/bckarate.fr\/wp-content\/uploads\/2023\/09\/png-transparent-karate-gi-karate-kata-world-karate-federation-karate-arm-sports-combat-sport.png","type":"image\/png"}],"author":"phil","twitter_card":"summary_large_image","twitter_misc":{"\u00c9crit par":"phil","Dur\u00e9e de lecture estim\u00e9e":"2 minutes"},"schema":{"@context":"https:\/\/schema.org","@graph":[{"@type":"Article","@id":"https:\/\/bckarate.fr\/index.php\/2023\/09\/05\/le-karate-feminin\/#article","isPartOf":{"@id":"https:\/\/bckarate.fr\/index.php\/2023\/09\/05\/le-karate-feminin\/"},"author":{"name":"phil","@id":"https:\/\/bckarate.fr\/#\/schema\/person\/18930f0d882755866eaaf61ac8e726e7"},"headline":"Le Karat\u00e9 f\u00e9minin","datePublished":"2023-09-05T12:07:38+00:00","dateModified":"2023-09-05T12:26:33+00:00","mainEntityOfPage":{"@id":"https:\/\/bckarate.fr\/index.php\/2023\/09\/05\/le-karate-feminin\/"},"wordCount":327,"commentCount":0,"publisher":{"@id":"https:\/\/bckarate.fr\/#organization"},"image":{"@id":"https:\/\/bckarate.fr\/index.php\/2023\/09\/05\/le-karate-feminin\/#primaryimage"},"thumbnailUrl":"https:\/\/bckarate.fr\/wp-content\/uploads\/2023\/09\/png-transparent-karate-gi-karate-kata-world-karate-federation-karate-arm-sports-combat-sport.png","keywords":["femmes","karat\u00e9","Karat\u00e9 f\u00e9minin"],"articleSection":["Publics"],"inLanguage":"fr-FR","potentialAction":[{"@type":"CommentAction","name":"Comment","target":["https:\/\/bckarate.fr\/index.php\/2023\/09\/05\/le-karate-feminin\/#respond"]}]},{"@type":"WebPage","@id":"https:\/\/bckarate.fr\/index.php\/2023\/09\/05\/le-karate-feminin\/","url":"https:\/\/bckarate.fr\/index.php\/2023\/09\/05\/le-karate-feminin\/","name":"Le Karat\u00e9 f\u00e9minin - BCKarat\u00e9","isPartOf":{"@id":"https:\/\/bckarate.fr\/#website"},"primaryImageOfPage":{"@id":"https:\/\/bckarate.fr\/index.php\/2023\/09\/05\/le-karate-feminin\/#primaryimage"},"image":{"@id":"https:\/\/bckarate.fr\/index.php\/2023\/09\/05\/le-karate-feminin\/#primaryimage"},"thumbnailUrl":"https:\/\/bckarate.fr\/wp-content\/uploads\/2023\/09\/png-transparent-karate-gi-karate-kata-world-karate-federation-karate-arm-sports-combat-sport.png","datePublished":"2023-09-05T12:07:38+00:00","dateModified":"2023-09-05T12:26:33+00:00","breadcrumb":{"@id":"https:\/\/bckarate.fr\/index.php\/2023\/09\/05\/le-karate-feminin\/#breadcrumb"},"inLanguage":"fr-FR","potentialAction":[{"@type":"ReadAction","target":["https:\/\/bckarate.fr\/index.php\/2023\/09\/05\/le-karate-feminin\/"]}]},{"@type":"ImageObject","inLanguage":"fr-FR","@id":"https:\/\/bckarate.fr\/index.php\/2023\/09\/05\/le-karate-feminin\/#primaryimage","url":"https:\/\/bckarate.fr\/wp-content\/uploads\/2023\/09\/png-transparent-karate-gi-karate-kata-world-karate-federation-karate-arm-sports-combat-sport.png","contentUrl":"https:\/\/bckarate.fr\/wp-content\/uploads\/2023\/09\/png-transparent-karate-gi-karate-kata-world-karate-federation-karate-arm-sports-combat-sport.png","width":920,"height":800},{"@type":"BreadcrumbList","@id":"https:\/\/bckarate.fr\/index.php\/2023\/09\/05\/le-karate-feminin\/#breadcrumb","itemListElement":[{"@type":"ListItem","position":1,"name":"Accueil","item":"https:\/\/bckarate.fr\/"},{"@type":"ListItem","position":2,"name":"Le Karat\u00e9 f\u00e9minin"}]},{"@type":"WebSite","@id":"https:\/\/bckarate.fr\/#website","url":"https:\/\/bckarate.fr\/","name":"BCKarat\u00e9","description":"Club de karat\u00e9 de La Ciotat","publisher":{"@id":"https:\/\/bckarate.fr\/#organization"},"potentialAction":[{"@type":"SearchAction","target":{"@type":"EntryPoint","urlTemplate":"https:\/\/bckarate.fr\/?s={search_term_string}"},"query-input":{"@type":"PropertyValueSpecification","valueRequired":true,"valueName":"search_term_string"}}],"inLanguage":"fr-FR"},{"@type":"Organization","@id":"https:\/\/bckarate.fr\/#organization","name":"BCKarat\u00e9","url":"https:\/\/bckarate.fr\/","logo":{"@type":"ImageObject","inLanguage":"fr-FR","@id":"https:\/\/bckarate.fr\/#\/schema\/logo\/image\/","url":"http:\/\/m.bckarate.fr\/wp-content\/uploads\/2023\/02\/logo_rond_250_250px.png","contentUrl":"http:\/\/m.bckarate.fr\/wp-content\/uploads\/2023\/02\/logo_rond_250_250px.png","width":250,"height":250,"caption":"BCKarat\u00e9"},"image":{"@id":"https:\/\/bckarate.fr\/#\/schema\/logo\/image\/"},"sameAs":["https:\/\/www.facebook.com\/BudoCiotadenKarate"]},{"@type":"Person","@id":"https:\/\/bckarate.fr\/#\/schema\/person\/18930f0d882755866eaaf61ac8e726e7","name":"phil","image":{"@type":"ImageObject","inLanguage":"fr-FR","@id":"https:\/\/secure.gravatar.com\/avatar\/67f2737fbe524636d7c3f3b102443ad36d27f97ced1cb72777d2cb39a3653804?s=96&d=mm&r=g","url":"https:\/\/secure.gravatar.com\/avatar\/67f2737fbe524636d7c3f3b102443ad36d27f97ced1cb72777d2cb39a3653804?s=96&d=mm&r=g","contentUrl":"https:\/\/secure.gravatar.com\/avatar\/67f2737fbe524636d7c3f3b102443ad36d27f97ced1cb72777d2cb39a3653804?s=96&d=mm&r=g","caption":"phil"},"sameAs":["http:\/\/m.bckarate.fr"],"url":"https:\/\/bckarate.fr\/index.php\/author\/phil\/"}]}},"_links":{"self":[{"href":"https:\/\/bckarate.fr\/index.php\/wp-json\/wp\/v2\/posts\/1115","targetHints":{"allow":["GET"]}}],"collection":[{"href":"https:\/\/bckarate.fr\/index.php\/wp-json\/wp\/v2\/posts"}],"about":[{"href":"https:\/\/bckarate.fr\/index.php\/wp-json\/wp\/v2\/types\/post"}],"author":[{"embeddable":true,"href":"https:\/\/bckarate.fr\/index.php\/wp-json\/wp\/v2\/users\/1"}],"replies":[{"embeddable":true,"href":"https:\/\/bckarate.fr\/index.php\/wp-json\/wp\/v2\/comments?post=1115"}],"version-history":[{"count":4,"href":"https:\/\/bckarate.fr\/index.php\/wp-json\/wp\/v2\/posts\/1115\/revisions"}],"predecessor-version":[{"id":1125,"href":"https:\/\/bckarate.fr\/index.php\/wp-json\/wp\/v2\/posts\/1115\/revisions\/1125"}],"wp:featuredmedia":[{"embeddable":true,"href":"https:\/\/bckarate.fr\/index.php\/wp-json\/wp\/v2\/media\/979"}],"wp:attachment":[{"href":"https:\/\/bckarate.fr\/index.php\/wp-json\/wp\/v2\/media?parent=1115"}],"wp:term":[{"taxonomy":"category","embeddable":true,"href":"https:\/\/bckarate.fr\/index.php\/wp-json\/wp\/v2\/categories?post=1115"},{"taxonomy":"post_tag","embeddable":true,"href":"https:\/\/bckarate.fr\/index.php\/wp-json\/wp\/v2\/tags?post=1115"}],"curies":[{"name":"wp","href":"https:\/\/api.w.org\/{rel}","templated":true}]}}